{"id":265118,"date":"2025-01-20T23:56:12","date_gmt":"2025-01-20T22:56:12","guid":{"rendered":"https:\/\/secc.se\/?p=265118"},"modified":"2025-03-25T22:29:06","modified_gmt":"2025-03-25T21:29:06","slug":"rekordstort-intresse","status":"publish","type":"post","link":"https:\/\/secc.se\/en\/rekordstort-intresse","title":{"rendered":"Rekordstort intresse"},"content":{"rendered":"[et_pb_section admin_label=&#8221;section&#8221;]\n\t\t\t[et_pb_row admin_label=&#8221;row&#8221;]\n\t\t\t\t[et_pb_column type=&#8221;4_4&#8243;][et_pb_text admin_label=&#8221;Text&#8221;]\n<p>Datum f\u00f6r \u00e5rets t\u00e4vling spikades till den 8 juli i b\u00f6rjan av \u00e5ret, och redan nu kan vi gl\u00e4djande stoltsera med tjugotalet anm\u00e4lda ekipage. Vi vet dessutom att det \u00e4r flera som \u00e4nnu inte anm\u00e4lt sig, som siktar p\u00e5 att vara med. S\u00e5 troligtvis passerar vi 20 t\u00e4vlande ekipage detta \u00e5ret, och f\u00f6rhoppningsvis \u00e4nnu mer. <br><br>S\u00e5 h\u00e4r initialt \u00e4r det mycket Tesla bilar. Men n\u00e5gra KIA, BMW och t.o.m SCANIA lastbilar finns ocks\u00e5 med p\u00e5 anm\u00e4lningslistan. Men trots att vi k\u00f6rt racet ett antal \u00e5r nu saknas det fortfarande deltagande med t.ex Volvo, eller BYD. Andra m\u00e4rken som vi tror kan utmana \u00e4r Lotus, Xpeng, Zeekr, eller Porsche med sina nya uppdaterade modeller eller varf\u00f6r inte en Lucid? Dessa hade varit v\u00e4ldigt intressanta att f\u00f6lja.<br><br>Men framf\u00f6r allt s\u00e5 tycker vi att ett brett startf\u00e4lt, som representerar flera bilm\u00e4rken och modeller \u00e4r j\u00e4ttekul.<\/p>\n[\/et_pb_text][\/et_pb_column]\n\t\t\t[\/et_pb_row]\n\t\t[\/et_pb_section]","protected":false},"excerpt":{"rendered":"<p>Datum f\u00f6r \u00e5rets t\u00e4vling spikades till den 8 juli i b\u00f6rjan av \u00e5ret, och redan nu kan vi gl\u00e4djande stoltsera med tjugotalet anm\u00e4lda ekipage. Vi vet dessutom att det \u00e4r flera som \u00e4nnu inte anm\u00e4lt sig, som siktar p\u00e5 att vara med. S\u00e5 troligtvis passerar vi 20 t\u00e4vlande ekipage detta \u00e5ret, och f\u00f6rhoppningsvis \u00e4nnu mer. [&hellip;]<\/p>\n","protected":false},"author":2,"featured_media":265123,"comment_status":"open","ping_status":"open","sticky":false,"template":"","format":"standard","meta":{"_et_pb_use_builder":"on","_et_pb_old_content":"<!-- wp:paragraph -->\n<p>Datum f\u00f6r \u00e5rets t\u00e4vling spikades till den 8 juli i b\u00f6rjan av \u00e5ret, och redan nu kan vi gl\u00e4djande stoltsera med tjugotalet anm\u00e4lda ekipage. Vi vet dessutom att det \u00e4r flera som \u00e4nnu inte anm\u00e4lt sig, som siktar p\u00e5 att vara med. S\u00e5 troligtvis passerar vi 20 t\u00e4vlande ekipage detta \u00e5ret, och f\u00f6rhoppningsvis \u00e4nnu mer. <br><br>S\u00e5 h\u00e4r initialt \u00e4r det mycket Tesla bilar. Men n\u00e5gra KIA, BMW och t.o.m SCANIA lastbilar finns ocks\u00e5 med p\u00e5 anm\u00e4lningslistan. Men trots att vi k\u00f6rt racet ett antal \u00e5r nu saknas det fortfarande deltagande med t.ex Volvo, eller BYD. Andra m\u00e4rken som vi tror kan utmana \u00e4r Lotus, Xpeng, Zeekr, eller Porsche med sina nya uppdaterade modeller eller varf\u00f6r inte en Lucid? Dessa hade varit v\u00e4ldigt intressanta att f\u00f6lja.<br><br>Men framf\u00f6r allt s\u00e5 tycker vi att ett brett startf\u00e4lt, som representerar flera bilm\u00e4rken och modeller \u00e4r j\u00e4ttekul.<\/p>\n<!-- \/wp:paragraph -->","_et_gb_content_width":"","inline_featured_image":false,"footnotes":""},"categories":[1],"tags":[],"dipi_cpt_category":[],"class_list":["post-265118","post","type-post","status-publish","format-standard","has-post-thumbnail","hentry","category-okategoriserade"],"_links":{"self":[{"href":"https:\/\/secc.se\/en\/wp-json\/wp\/v2\/posts\/265118","targetHints":{"allow":["GET"]}}],"collection":[{"href":"https:\/\/secc.se\/en\/wp-json\/wp\/v2\/posts"}],"about":[{"href":"https:\/\/secc.se\/en\/wp-json\/wp\/v2\/types\/post"}],"author":[{"embeddable":true,"href":"https:\/\/secc.se\/en\/wp-json\/wp\/v2\/users\/2"}],"replies":[{"embeddable":true,"href":"https:\/\/secc.se\/en\/wp-json\/wp\/v2\/comments?post=265118"}],"version-history":[{"count":3,"href":"https:\/\/secc.se\/en\/wp-json\/wp\/v2\/posts\/265118\/revisions"}],"predecessor-version":[{"id":265153,"href":"https:\/\/secc.se\/en\/wp-json\/wp\/v2\/posts\/265118\/revisions\/265153"}],"wp:featuredmedia":[{"embeddable":true,"href":"https:\/\/secc.se\/en\/wp-json\/wp\/v2\/media\/265123"}],"wp:attachment":[{"href":"https:\/\/secc.se\/en\/wp-json\/wp\/v2\/media?parent=265118"}],"wp:term":[{"taxonomy":"category","embeddable":true,"href":"https:\/\/secc.se\/en\/wp-json\/wp\/v2\/categories?post=265118"},{"taxonomy":"post_tag","embeddable":true,"href":"https:\/\/secc.se\/en\/wp-json\/wp\/v2\/tags?post=265118"},{"taxonomy":"dipi_cpt_category","embeddable":true,"href":"https:\/\/secc.se\/en\/wp-json\/wp\/v2\/dipi_cpt_category?post=265118"}],"curies":[{"name":"wp","href":"https:\/\/api.w.org\/{rel}","templated":true}]}}