{"id":265167,"date":"2025-04-09T23:59:48","date_gmt":"2025-04-09T21:59:48","guid":{"rendered":"https:\/\/secc.se\/?p=265167"},"modified":"2025-04-10T00:03:57","modified_gmt":"2025-04-09T22:03:57","slug":"stadshotellet-i-haparanda-valkomnar-oss-till-middag","status":"publish","type":"post","link":"https:\/\/secc.se\/en\/stadshotellet-i-haparanda-valkomnar-oss-till-middag","title":{"rendered":"Stadshotellet i Haparanda v\u00e4lkomnar oss till middag"},"content":{"rendered":"<p>[et_pb_section fb_built=&#8221;1&#8243; _builder_version=&#8221;4.27.4&#8243; _module_preset=&#8221;default&#8221; global_colors_info=&#8221;{}&#8221;][et_pb_row _builder_version=&#8221;4.27.4&#8243; _module_preset=&#8221;default&#8221;][et_pb_column _builder_version=&#8221;4.27.4&#8243; _module_preset=&#8221;default&#8221; type=&#8221;4_4&#8243;][et_pb_text _builder_version=&#8221;4.27.4&#8243; _module_preset=&#8221;default&#8221; hover_enabled=&#8221;0&#8243; sticky_enabled=&#8221;0&#8243;]<\/p>\n<p>Stadshotellet i Haparanda kommer \u00e4ven i \u00e5r att st\u00e5 som v\u00e4rd f\u00f6r v\u00e5r gemensamma middag. Vi har planerat in tiden 18.30 f\u00f6r att avnjuta en god och v\u00e4lbeh\u00f6vlig m\u00e5ltid. Tillf\u00e4lle kommer att ges att l\u00e4ra k\u00e4nna de andra deltagarna \u00e4nnu b\u00e4ttre, och att utbyta erfarenheter. V\u00e4gval kommer att hyllas eller s\u00e5gas. Vilka laddstationer var v\u00e4gvinnande, och vilka borde man undvikit. Men \u00e4ven andra \u00e4mnen brukar komma upp. Men framf\u00f6r allt s\u00e5 brukar det vara en v\u00e4ldigt trevlig tillst\u00e4llning.<\/p>\n<p>Menyn \u00e4r \u00e4nnu inte spikad. Men matr\u00e4tter kommer att beh\u00f6va best\u00e4llas i f\u00f6rv\u00e4g. S\u00e5 vi kommer att \u00e5terkomma till alla intressenter ett par veckor innan t\u00e4vlingen k\u00f6r ig\u00e5ng.<\/p>\n<p>[\/et_pb_text][\/et_pb_column][\/et_pb_row][\/et_pb_section]<\/p>\n","protected":false},"excerpt":{"rendered":"<p>Stadshotellet i Haparanda kommer \u00e4ven i \u00e5r att st\u00e5 som v\u00e4rd f\u00f6r v\u00e5r gemensamma middag. Vi har planerat in tiden 18.30 f\u00f6r att avnjuta en god och v\u00e4lbeh\u00f6vlig m\u00e5ltid. Tillf\u00e4lle kommer att ges att l\u00e4ra k\u00e4nna de andra deltagarna \u00e4nnu b\u00e4ttre, och att utbyta erfarenheter. V\u00e4gval kommer att hyllas eller s\u00e5gas. Vilka laddstationer var v\u00e4gvinnande, [&hellip;]<\/p>\n","protected":false},"author":2,"featured_media":265169,"comment_status":"open","ping_status":"open","sticky":false,"template":"","format":"standard","meta":{"_et_pb_use_builder":"on","_et_pb_old_content":"","_et_gb_content_width":"","inline_featured_image":false,"footnotes":""},"categories":[1],"tags":[],"dipi_cpt_category":[],"class_list":["post-265167","post","type-post","status-publish","format-standard","has-post-thumbnail","hentry","category-okategoriserade"],"_links":{"self":[{"href":"https:\/\/secc.se\/en\/wp-json\/wp\/v2\/posts\/265167","targetHints":{"allow":["GET"]}}],"collection":[{"href":"https:\/\/secc.se\/en\/wp-json\/wp\/v2\/posts"}],"about":[{"href":"https:\/\/secc.se\/en\/wp-json\/wp\/v2\/types\/post"}],"author":[{"embeddable":true,"href":"https:\/\/secc.se\/en\/wp-json\/wp\/v2\/users\/2"}],"replies":[{"embeddable":true,"href":"https:\/\/secc.se\/en\/wp-json\/wp\/v2\/comments?post=265167"}],"version-history":[{"count":5,"href":"https:\/\/secc.se\/en\/wp-json\/wp\/v2\/posts\/265167\/revisions"}],"predecessor-version":[{"id":265174,"href":"https:\/\/secc.se\/en\/wp-json\/wp\/v2\/posts\/265167\/revisions\/265174"}],"wp:featuredmedia":[{"embeddable":true,"href":"https:\/\/secc.se\/en\/wp-json\/wp\/v2\/media\/265169"}],"wp:attachment":[{"href":"https:\/\/secc.se\/en\/wp-json\/wp\/v2\/media?parent=265167"}],"wp:term":[{"taxonomy":"category","embeddable":true,"href":"https:\/\/secc.se\/en\/wp-json\/wp\/v2\/categories?post=265167"},{"taxonomy":"post_tag","embeddable":true,"href":"https:\/\/secc.se\/en\/wp-json\/wp\/v2\/tags?post=265167"},{"taxonomy":"dipi_cpt_category","embeddable":true,"href":"https:\/\/secc.se\/en\/wp-json\/wp\/v2\/dipi_cpt_category?post=265167"}],"curies":[{"name":"wp","href":"https:\/\/api.w.org\/{rel}","templated":true}]}}